{"id":2678,"date":"2026-03-06T14:10:35","date_gmt":"2026-03-06T14:10:35","guid":{"rendered":"https:\/\/www.ewos.com\/uk\/?p=2678"},"modified":"2026-03-06T14:12:13","modified_gmt":"2026-03-06T14:12:13","slug":"feed-as-a-strategic-driver-takes-centre-stage-at-nasf","status":"publish","type":"post","link":"https:\/\/www.ewos.com\/uk\/feed-as-a-strategic-driver-takes-centre-stage-at-nasf\/","title":{"rendered":"Feed as a Strategic Driver Takes Centre Stage at NASF"},"content":{"rendered":"\t\t<div data-elementor-type=\"wp-post\" data-elementor-id=\"2678\" class=\"elementor elementor-2678\" data-elementor-post-type=\"post\">\n\t\t\t\t\t\t<section class=\"elementor-section elementor-top-section elementor-element elementor-element-5fed9b1f elementor-section-boxed elementor-section-height-default elementor-section-height-default\" data-id=\"5fed9b1f\" data-element_type=\"section\" data-e-type=\"section\" data-settings=\"{&quot;jet_parallax_layout_list&quot;:[]}\">\n\t\t\t\t\t\t<div class=\"elementor-container elementor-column-gap-default\">\n\t\t\t\t\t<div class=\"elementor-column elementor-col-100 elementor-top-column elementor-element elementor-element-45368b7e\" data-id=\"45368b7e\" data-element_type=\"column\" data-e-type=\"column\">\n\t\t\t<div class=\"elementor-widget-wrap elementor-element-populated\">\n\t\t\t\t\t\t<div class=\"elementor-element elementor-element-13d842b7 elementor-widget elementor-widget-text-editor\" data-id=\"13d842b7\" data-element_type=\"widget\" data-e-type=\"widget\" data-widget_type=\"text-editor.default\">\n\t\t\t\t<div class=\"elementor-widget-container\">\n\t\t\t\t\t\t\t\t\t<p><strong>At this year\u2019s North Atlantic Seafood Forum (NASF), Cargill\u2019s Aquafeed business for the North Sea &amp; Canada\u00a0demonstrated\u00a0how feed has become a defining strategic lever in modern aquaculture,\u00a0influencing farm performance, fish welfare,\u00a0sustainability\u00a0and long-term industry growth.\u00a0<\/strong><\/p>\n<p><span data-contrast=\"auto\">With one in three salmon globally eating feed from Cargill Global Salmon, the responsibility \u2014 and opportunity \u2014 to drive performance and sustainability at scale is significant.<\/span><span data-ccp-props=\"{&quot;134233117&quot;:false,&quot;134233118&quot;:false,&quot;335559738&quot;:240,&quot;335559739&quot;:240}\">\u00a0<\/span><\/p>\n<p><span data-contrast=\"auto\">\u201cDiscussing the strategic direction of our industry requires a holistic understanding of the entire value chain,\u00a0from raw materials and increasing access to biological and operational data, to how value is created through\u00a0integrated solutions\u00a0that includes\u00a0platform, people and products\u00a0at every stage,\u201d said Tarjei Eide, Managing Director, Cargill Salmon North Sea &amp; Canada, who hosted the Aquafeed Summit session.<\/span><span data-ccp-props=\"{&quot;134233117&quot;:false,&quot;134233118&quot;:false,&quot;335559738&quot;:240,&quot;335559739&quot;:240}\">\u00a0<\/span><\/p>\n<p aria-level=\"3\"><span data-contrast=\"none\">A Value Chain Perspective on Growth<\/span><span data-ccp-props=\"{&quot;134233117&quot;:false,&quot;134233118&quot;:false,&quot;134245418&quot;:true,&quot;134245529&quot;:true,&quot;335559738&quot;:281,&quot;335559739&quot;:281}\">\u00a0<\/span><\/p>\n<p><span data-contrast=\"auto\">The Aquafeed Summit brought together leading voices from across the seafood value chain to explore how aquaculture can unlock future growth.<\/span><span data-ccp-props=\"{&quot;134233117&quot;:false,&quot;134233118&quot;:false,&quot;335559738&quot;:240,&quot;335559739&quot;:240}\">\u00a0<\/span><\/p>\n<p><span data-contrast=\"auto\">Sverre Martinsen, Partner at Boston Consulting Group (BCG), opened the session by outlining the global growth potential for salmon. He highlighted how strengthening competitiveness requires viewing aquaculture from a consumer perspective and positioning salmon as a leading sustainable protein source.<\/span><span data-ccp-props=\"{&quot;134233117&quot;:false,&quot;134233118&quot;:false,&quot;335559738&quot;:240,&quot;335559739&quot;:240}\">\u00a0<\/span><\/p>\n<p><span data-contrast=\"auto\">Raw material availability and innovation formed another key theme. Charles Hart, Senior Commodity Analyst at Rabobank, provided insights into marine and plant-based ingredient markets, emphasizing that future growth depends on continued development,\u00a0diversification\u00a0and innovation in feed raw materials.<\/span><span data-ccp-props=\"{&quot;134233117&quot;:false,&quot;134233118&quot;:false,&quot;335559738&quot;:240,&quot;335559739&quot;:240}\">\u00a0<\/span><\/p>\n<p><span data-contrast=\"auto\">Scenario Planner Progress<\/span><span data-ccp-props=\"{&quot;134233117&quot;:false,&quot;134233118&quot;:false,&quot;335559738&quot;:240,&quot;335559739&quot;:240}\">\u00a0<\/span><\/p>\n<p><span data-contrast=\"auto\">Lise Andreasen, Commercial Director, Cargill Salmon North Sea &amp; Canada, addressed the often-overlooked complexities of feed production. She\u00a0also\u00a0demonstrated\u00a0how integrated feed solutions and smarter feed management systems can adapt diets to site-specific farming conditions \u2014 unlocking\u00a0additional\u00a0biological and economic value for customers.<\/span><span data-ccp-props=\"{&quot;134233117&quot;:false,&quot;134233118&quot;:false,&quot;335559738&quot;:240,&quot;335559739&quot;:240}\">\u00a0<\/span><\/p>\n<p><span data-contrast=\"auto\">Jos\u00e9 Ram\u00f3n Guti\u00e9rrez, Chief Financial Officer at Multi X, shared how the Chilean salmon producer navigates local operational challenges. He highlighted the importance of reshaping the farmer\u2013feed supplier relationship into a stronger partnership model to drive performance and long-term value creation.<\/span><span data-ccp-props=\"{&quot;134233117&quot;:false,&quot;134233118&quot;:false,&quot;335559738&quot;:240,&quot;335559739&quot;:240}\">\u00a0<\/span><\/p>\n<p><span data-contrast=\"auto\">Petter Eilertsen, partner in\u00a0Egon Zehnder, a global leadership advisory firm specializing in executive search, board advisory and leadership development, outlined strategic leadership imperatives and concrete ways to accelerate leadership capacity in aquaculture to meet future challenges.<\/span><span data-ccp-props=\"{&quot;134233117&quot;:false,&quot;134233118&quot;:false,&quot;335559738&quot;:240,&quot;335559739&quot;:240}\">\u00a0<\/span><\/p>\n<p><span data-contrast=\"auto\">The session concluded with a panel discussion led by Eide, featuring Audun Sivertsen\u00a0Fjeldv\u00e6r, CEO of\u00a0ScaleAQ; Trond H\u00e5kon\u00a0Schaug-Pettersen, CEO of Salmon Evolution; and Runar Sivertsen, Chief Strategy Officer at SalMar. The panel explored how technology, data and\u00a0innovation\u00a0can unlock growth,\u00a0accelerate\u00a0sustainability\u00a0improvements\u00a0and operational efficiency across the industry.<\/span><span data-ccp-props=\"{&quot;134233117&quot;:false,&quot;134233118&quot;:false,&quot;335559738&quot;:240,&quot;335559739&quot;:240}\">\u00a0<\/span><\/p>\n<p aria-level=\"3\"><span data-contrast=\"none\">Poultry Meal: A Practical Climate Lever<\/span><span data-ccp-props=\"{&quot;134233117&quot;:false,&quot;134233118&quot;:false,&quot;134245418&quot;:true,&quot;134245529&quot;:true,&quot;335559738&quot;:281,&quot;335559739&quot;:281}\">\u00a0<\/span><\/p>\n<p><span data-contrast=\"auto\">The day before the Aquafeed Summit, Eide also spoke at the Aqua Industry News session, where he highlighted poultry\u00a0meal\u00a0as one of the most impactful measures currently available to reduce the carbon footprint of salmon feed.<\/span><span data-ccp-props=\"{&quot;134233117&quot;:false,&quot;134233118&quot;:false,&quot;335559738&quot;:240,&quot;335559739&quot;:240}\">\u00a0<\/span><\/p>\n<p><span data-contrast=\"auto\">Describing poultry meal as a \u201cre-innovation\u201d in the Norwegian market, Eide emphasized that it is a mature, well-regulated ingredient backed by\u00a0nearly two\u00a0decades of research and more than 300 feeding trials. When\u00a0properly balanced\u00a0within the diet, poultry meal delivers\u00a0strong performance\u00a0while\u00a0maintaining\u00a0fish\u00a0health and welfare.<\/span><span data-ccp-props=\"{&quot;134233117&quot;:false,&quot;134233118&quot;:false,&quot;335559738&quot;:240,&quot;335559739&quot;:240}\">\u00a0<\/span><\/p>\n<p><span data-contrast=\"auto\">Importantly, depending on inclusion levels, poultry\u00a0meal has\u00a0the potential to reduce feed-related emissions by up to 10 percent \u2014 making it one of the most significant single levers available to improve feed sustainability at scale.<\/span><span data-ccp-props=\"{&quot;134233117&quot;:false,&quot;134233118&quot;:false,&quot;335559738&quot;:240,&quot;335559739&quot;:240}\">\u00a0<\/span><\/p>\n<p aria-level=\"3\"><span data-contrast=\"none\">About NASF<\/span><span data-ccp-props=\"{&quot;134233117&quot;:false,&quot;134233118&quot;:false,&quot;134245418&quot;:true,&quot;134245529&quot;:true,&quot;335559738&quot;:281,&quot;335559739&quot;:281}\">\u00a0<\/span><\/p>\n<p><span data-contrast=\"auto\">The North Atlantic Seafood Forum (NASF) is the world\u2019s largest and most influential executive seafood business conference. Held annually in Bergen, Norway, NASF gathers more than 1,000 senior leaders, CEOs,\u00a0investors\u00a0and industry experts from across the global seafood value chain to discuss market developments, sustainability,\u00a0innovation\u00a0and future growth.\u00a0<\/span><span data-ccp-props=\"{&quot;134233117&quot;:false,&quot;134233118&quot;:false,&quot;335559738&quot;:240,&quot;335559739&quot;:240}\">\u00a0<\/span><\/p>\n<p><span data-contrast=\"auto\">In addition to being the most important event on the North Sea &amp; Canada aquafeed business calendar, this even also attracted\u00a0colleagues from\u00a0the Chilean aquafeed business\u00a0as well as R&amp;D and protein people from the US.\u00a0<\/span><span data-ccp-props=\"{}\">\u00a0<\/span><\/p>\n<p><!-- \/wp:paragraph --><\/p>\t\t\t\t\t\t\t\t<\/div>\n\t\t\t\t<\/div>\n\t\t\t\t\t<\/div>\n\t\t<\/div>\n\t\t\t\t\t<\/div>\n\t\t<\/section>\n\t\t\t\t<\/div>\n\t\t","protected":false},"excerpt":{"rendered":"<p>At this year\u2019s North Atlantic Seafood Forum (NASF), Cargill\u2019s Aquafeed business for the North Sea &amp; Canada\u00a0demonstrated\u00a0how feed has become a defining strategic lever in modern aquaculture,\u00a0influencing farm performance, fish welfare,\u00a0sustainability\u00a0and long-term industry growth.\u00a0 With one in three salmon globally eating feed from Cargill Global Salmon, the responsibility \u2014 and opportunity \u2014 to drive performance [&hellip;]<\/p>\n","protected":false},"author":7,"featured_media":2680,"comment_status":"closed","ping_status":"open","sticky":false,"template":"","format":"standard","meta":{"footnotes":""},"categories":[1],"tags":[],"class_list":["post-2678","post","type-post","status-publish","format-standard","has-post-thumbnail","hentry","category-news"],"yoast_head":"<!-- This site is optimized with the Yoast SEO plugin v27.4 - https:\/\/yoast.com\/product\/yoast-seo-wordpress\/ -->\n<title>Feed as a Strategic Driver Takes Centre Stage at NASF - EWOS - Scotland<\/title>\n<meta name=\"robots\" content=\"index, follow, max-snippet:-1, max-image-preview:large, max-video-preview:-1\" \/>\n<link rel=\"canonical\" href=\"https:\/\/www.ewos.com\/uk\/feed-as-a-strategic-driver-takes-centre-stage-at-nasf\/\" \/>\n<meta property=\"og:locale\" content=\"en_US\" \/>\n<meta property=\"og:type\" content=\"article\" \/>\n<meta property=\"og:title\" content=\"Feed as a Strategic Driver Takes Centre Stage at NASF - EWOS - Scotland\" \/>\n<meta property=\"og:description\" content=\"At this year\u2019s North Atlantic Seafood Forum (NASF), Cargill\u2019s Aquafeed business for the North Sea &amp; Canada\u00a0demonstrated\u00a0how feed has become a defining strategic lever in modern aquaculture,\u00a0influencing farm performance, fish welfare,\u00a0sustainability\u00a0and long-term industry growth.\u00a0 With one in three salmon globally eating feed from Cargill Global Salmon, the responsibility \u2014 and opportunity \u2014 to drive performance [&hellip;]\" \/>\n<meta property=\"og:url\" content=\"https:\/\/www.ewos.com\/uk\/feed-as-a-strategic-driver-takes-centre-stage-at-nasf\/\" \/>\n<meta property=\"og:site_name\" content=\"EWOS - Scotland\" \/>\n<meta property=\"article:published_time\" content=\"2026-03-06T14:10:35+00:00\" \/>\n<meta property=\"article:modified_time\" content=\"2026-03-06T14:12:13+00:00\" \/>\n<meta property=\"og:image\" content=\"https:\/\/www.ewos.com\/uk\/wp-content\/uploads\/2026\/03\/Nasf2026_tarjei-02-scaled.jpeg\" \/>\n\t<meta property=\"og:image:width\" content=\"2560\" \/>\n\t<meta property=\"og:image:height\" content=\"1920\" \/>\n\t<meta property=\"og:image:type\" content=\"image\/jpeg\" \/>\n<meta name=\"author\" content=\"Kjartan Maestad\" \/>\n<meta name=\"twitter:card\" content=\"summary_large_image\" \/>\n<meta name=\"twitter:label1\" content=\"Written by\" \/>\n\t<meta name=\"twitter:data1\" content=\"Kjartan Maestad\" \/>\n\t<meta name=\"twitter:label2\" content=\"Est. reading time\" \/>\n\t<meta name=\"twitter:data2\" content=\"3 minutes\" \/>\n<script type=\"application\/ld+json\" class=\"yoast-schema-graph\">{\"@context\":\"https:\\\/\\\/schema.org\",\"@graph\":[{\"@type\":\"Article\",\"@id\":\"https:\\\/\\\/www.ewos.com\\\/uk\\\/feed-as-a-strategic-driver-takes-centre-stage-at-nasf\\\/#article\",\"isPartOf\":{\"@id\":\"https:\\\/\\\/www.ewos.com\\\/uk\\\/feed-as-a-strategic-driver-takes-centre-stage-at-nasf\\\/\"},\"author\":{\"name\":\"Kjartan Maestad\",\"@id\":\"https:\\\/\\\/www.ewos.com\\\/uk\\\/#\\\/schema\\\/person\\\/90aba83008ada4549e4bf424fcca7025\"},\"headline\":\"Feed as a Strategic Driver Takes Centre Stage at NASF\",\"datePublished\":\"2026-03-06T14:10:35+00:00\",\"dateModified\":\"2026-03-06T14:12:13+00:00\",\"mainEntityOfPage\":{\"@id\":\"https:\\\/\\\/www.ewos.com\\\/uk\\\/feed-as-a-strategic-driver-takes-centre-stage-at-nasf\\\/\"},\"wordCount\":641,\"publisher\":{\"@id\":\"https:\\\/\\\/www.ewos.com\\\/uk\\\/#organization\"},\"image\":{\"@id\":\"https:\\\/\\\/www.ewos.com\\\/uk\\\/feed-as-a-strategic-driver-takes-centre-stage-at-nasf\\\/#primaryimage\"},\"thumbnailUrl\":\"https:\\\/\\\/www.ewos.com\\\/uk\\\/wp-content\\\/uploads\\\/2026\\\/03\\\/Nasf2026_tarjei-02-scaled.jpeg\",\"articleSection\":[\"News\"],\"inLanguage\":\"en\"},{\"@type\":\"WebPage\",\"@id\":\"https:\\\/\\\/www.ewos.com\\\/uk\\\/feed-as-a-strategic-driver-takes-centre-stage-at-nasf\\\/\",\"url\":\"https:\\\/\\\/www.ewos.com\\\/uk\\\/feed-as-a-strategic-driver-takes-centre-stage-at-nasf\\\/\",\"name\":\"Feed as a Strategic Driver Takes Centre Stage at NASF - EWOS - Scotland\",\"isPartOf\":{\"@id\":\"https:\\\/\\\/www.ewos.com\\\/uk\\\/#website\"},\"primaryImageOfPage\":{\"@id\":\"https:\\\/\\\/www.ewos.com\\\/uk\\\/feed-as-a-strategic-driver-takes-centre-stage-at-nasf\\\/#primaryimage\"},\"image\":{\"@id\":\"https:\\\/\\\/www.ewos.com\\\/uk\\\/feed-as-a-strategic-driver-takes-centre-stage-at-nasf\\\/#primaryimage\"},\"thumbnailUrl\":\"https:\\\/\\\/www.ewos.com\\\/uk\\\/wp-content\\\/uploads\\\/2026\\\/03\\\/Nasf2026_tarjei-02-scaled.jpeg\",\"datePublished\":\"2026-03-06T14:10:35+00:00\",\"dateModified\":\"2026-03-06T14:12:13+00:00\",\"breadcrumb\":{\"@id\":\"https:\\\/\\\/www.ewos.com\\\/uk\\\/feed-as-a-strategic-driver-takes-centre-stage-at-nasf\\\/#breadcrumb\"},\"inLanguage\":\"en\",\"potentialAction\":[{\"@type\":\"ReadAction\",\"target\":[\"https:\\\/\\\/www.ewos.com\\\/uk\\\/feed-as-a-strategic-driver-takes-centre-stage-at-nasf\\\/\"]}]},{\"@type\":\"ImageObject\",\"inLanguage\":\"en\",\"@id\":\"https:\\\/\\\/www.ewos.com\\\/uk\\\/feed-as-a-strategic-driver-takes-centre-stage-at-nasf\\\/#primaryimage\",\"url\":\"https:\\\/\\\/www.ewos.com\\\/uk\\\/wp-content\\\/uploads\\\/2026\\\/03\\\/Nasf2026_tarjei-02-scaled.jpeg\",\"contentUrl\":\"https:\\\/\\\/www.ewos.com\\\/uk\\\/wp-content\\\/uploads\\\/2026\\\/03\\\/Nasf2026_tarjei-02-scaled.jpeg\",\"width\":2560,\"height\":1920},{\"@type\":\"BreadcrumbList\",\"@id\":\"https:\\\/\\\/www.ewos.com\\\/uk\\\/feed-as-a-strategic-driver-takes-centre-stage-at-nasf\\\/#breadcrumb\",\"itemListElement\":[{\"@type\":\"ListItem\",\"position\":1,\"name\":\"Home\",\"item\":\"https:\\\/\\\/www.ewos.com\\\/uk\\\/\"},{\"@type\":\"ListItem\",\"position\":2,\"name\":\"Feed as a Strategic Driver Takes Centre Stage at NASF\"}]},{\"@type\":\"WebSite\",\"@id\":\"https:\\\/\\\/www.ewos.com\\\/uk\\\/#website\",\"url\":\"https:\\\/\\\/www.ewos.com\\\/uk\\\/\",\"name\":\"EWOS - Scotland\",\"description\":\"\",\"publisher\":{\"@id\":\"https:\\\/\\\/www.ewos.com\\\/uk\\\/#organization\"},\"potentialAction\":[{\"@type\":\"SearchAction\",\"target\":{\"@type\":\"EntryPoint\",\"urlTemplate\":\"https:\\\/\\\/www.ewos.com\\\/uk\\\/?s={search_term_string}\"},\"query-input\":{\"@type\":\"PropertyValueSpecification\",\"valueRequired\":true,\"valueName\":\"search_term_string\"}}],\"inLanguage\":\"en\"},{\"@type\":\"Organization\",\"@id\":\"https:\\\/\\\/www.ewos.com\\\/uk\\\/#organization\",\"name\":\"EWOS - Scotland\",\"url\":\"https:\\\/\\\/www.ewos.com\\\/uk\\\/\",\"logo\":{\"@type\":\"ImageObject\",\"inLanguage\":\"en\",\"@id\":\"https:\\\/\\\/www.ewos.com\\\/uk\\\/#\\\/schema\\\/logo\\\/image\\\/\",\"url\":\"https:\\\/\\\/www.ewos.com\\\/uk\\\/wp-content\\\/uploads\\\/2023\\\/11\\\/ewos-logo.png\",\"contentUrl\":\"https:\\\/\\\/www.ewos.com\\\/uk\\\/wp-content\\\/uploads\\\/2023\\\/11\\\/ewos-logo.png\",\"width\":450,\"height\":107,\"caption\":\"EWOS - Scotland\"},\"image\":{\"@id\":\"https:\\\/\\\/www.ewos.com\\\/uk\\\/#\\\/schema\\\/logo\\\/image\\\/\"}},{\"@type\":\"Person\",\"@id\":\"https:\\\/\\\/www.ewos.com\\\/uk\\\/#\\\/schema\\\/person\\\/90aba83008ada4549e4bf424fcca7025\",\"name\":\"Kjartan Maestad\",\"url\":\"https:\\\/\\\/www.ewos.com\\\/uk\\\/author\\\/kjartan-maestad\\\/\"}]}<\/script>\n<!-- \/ Yoast SEO plugin. -->","yoast_head_json":{"title":"Feed as a Strategic Driver Takes Centre Stage at NASF - EWOS - Scotland","robots":{"index":"index","follow":"follow","max-snippet":"max-snippet:-1","max-image-preview":"max-image-preview:large","max-video-preview":"max-video-preview:-1"},"canonical":"https:\/\/www.ewos.com\/uk\/feed-as-a-strategic-driver-takes-centre-stage-at-nasf\/","og_locale":"en_US","og_type":"article","og_title":"Feed as a Strategic Driver Takes Centre Stage at NASF - EWOS - Scotland","og_description":"At this year\u2019s North Atlantic Seafood Forum (NASF), Cargill\u2019s Aquafeed business for the North Sea &amp; Canada\u00a0demonstrated\u00a0how feed has become a defining strategic lever in modern aquaculture,\u00a0influencing farm performance, fish welfare,\u00a0sustainability\u00a0and long-term industry growth.\u00a0 With one in three salmon globally eating feed from Cargill Global Salmon, the responsibility \u2014 and opportunity \u2014 to drive performance [&hellip;]","og_url":"https:\/\/www.ewos.com\/uk\/feed-as-a-strategic-driver-takes-centre-stage-at-nasf\/","og_site_name":"EWOS - Scotland","article_published_time":"2026-03-06T14:10:35+00:00","article_modified_time":"2026-03-06T14:12:13+00:00","og_image":[{"width":2560,"height":1920,"url":"https:\/\/www.ewos.com\/uk\/wp-content\/uploads\/2026\/03\/Nasf2026_tarjei-02-scaled.jpeg","type":"image\/jpeg"}],"author":"Kjartan Maestad","twitter_card":"summary_large_image","twitter_misc":{"Written by":"Kjartan Maestad","Est. reading time":"3 minutes"},"schema":{"@context":"https:\/\/schema.org","@graph":[{"@type":"Article","@id":"https:\/\/www.ewos.com\/uk\/feed-as-a-strategic-driver-takes-centre-stage-at-nasf\/#article","isPartOf":{"@id":"https:\/\/www.ewos.com\/uk\/feed-as-a-strategic-driver-takes-centre-stage-at-nasf\/"},"author":{"name":"Kjartan Maestad","@id":"https:\/\/www.ewos.com\/uk\/#\/schema\/person\/90aba83008ada4549e4bf424fcca7025"},"headline":"Feed as a Strategic Driver Takes Centre Stage at NASF","datePublished":"2026-03-06T14:10:35+00:00","dateModified":"2026-03-06T14:12:13+00:00","mainEntityOfPage":{"@id":"https:\/\/www.ewos.com\/uk\/feed-as-a-strategic-driver-takes-centre-stage-at-nasf\/"},"wordCount":641,"publisher":{"@id":"https:\/\/www.ewos.com\/uk\/#organization"},"image":{"@id":"https:\/\/www.ewos.com\/uk\/feed-as-a-strategic-driver-takes-centre-stage-at-nasf\/#primaryimage"},"thumbnailUrl":"https:\/\/www.ewos.com\/uk\/wp-content\/uploads\/2026\/03\/Nasf2026_tarjei-02-scaled.jpeg","articleSection":["News"],"inLanguage":"en"},{"@type":"WebPage","@id":"https:\/\/www.ewos.com\/uk\/feed-as-a-strategic-driver-takes-centre-stage-at-nasf\/","url":"https:\/\/www.ewos.com\/uk\/feed-as-a-strategic-driver-takes-centre-stage-at-nasf\/","name":"Feed as a Strategic Driver Takes Centre Stage at NASF - EWOS - Scotland","isPartOf":{"@id":"https:\/\/www.ewos.com\/uk\/#website"},"primaryImageOfPage":{"@id":"https:\/\/www.ewos.com\/uk\/feed-as-a-strategic-driver-takes-centre-stage-at-nasf\/#primaryimage"},"image":{"@id":"https:\/\/www.ewos.com\/uk\/feed-as-a-strategic-driver-takes-centre-stage-at-nasf\/#primaryimage"},"thumbnailUrl":"https:\/\/www.ewos.com\/uk\/wp-content\/uploads\/2026\/03\/Nasf2026_tarjei-02-scaled.jpeg","datePublished":"2026-03-06T14:10:35+00:00","dateModified":"2026-03-06T14:12:13+00:00","breadcrumb":{"@id":"https:\/\/www.ewos.com\/uk\/feed-as-a-strategic-driver-takes-centre-stage-at-nasf\/#breadcrumb"},"inLanguage":"en","potentialAction":[{"@type":"ReadAction","target":["https:\/\/www.ewos.com\/uk\/feed-as-a-strategic-driver-takes-centre-stage-at-nasf\/"]}]},{"@type":"ImageObject","inLanguage":"en","@id":"https:\/\/www.ewos.com\/uk\/feed-as-a-strategic-driver-takes-centre-stage-at-nasf\/#primaryimage","url":"https:\/\/www.ewos.com\/uk\/wp-content\/uploads\/2026\/03\/Nasf2026_tarjei-02-scaled.jpeg","contentUrl":"https:\/\/www.ewos.com\/uk\/wp-content\/uploads\/2026\/03\/Nasf2026_tarjei-02-scaled.jpeg","width":2560,"height":1920},{"@type":"BreadcrumbList","@id":"https:\/\/www.ewos.com\/uk\/feed-as-a-strategic-driver-takes-centre-stage-at-nasf\/#breadcrumb","itemListElement":[{"@type":"ListItem","position":1,"name":"Home","item":"https:\/\/www.ewos.com\/uk\/"},{"@type":"ListItem","position":2,"name":"Feed as a Strategic Driver Takes Centre Stage at NASF"}]},{"@type":"WebSite","@id":"https:\/\/www.ewos.com\/uk\/#website","url":"https:\/\/www.ewos.com\/uk\/","name":"EWOS - Scotland","description":"","publisher":{"@id":"https:\/\/www.ewos.com\/uk\/#organization"},"potentialAction":[{"@type":"SearchAction","target":{"@type":"EntryPoint","urlTemplate":"https:\/\/www.ewos.com\/uk\/?s={search_term_string}"},"query-input":{"@type":"PropertyValueSpecification","valueRequired":true,"valueName":"search_term_string"}}],"inLanguage":"en"},{"@type":"Organization","@id":"https:\/\/www.ewos.com\/uk\/#organization","name":"EWOS - Scotland","url":"https:\/\/www.ewos.com\/uk\/","logo":{"@type":"ImageObject","inLanguage":"en","@id":"https:\/\/www.ewos.com\/uk\/#\/schema\/logo\/image\/","url":"https:\/\/www.ewos.com\/uk\/wp-content\/uploads\/2023\/11\/ewos-logo.png","contentUrl":"https:\/\/www.ewos.com\/uk\/wp-content\/uploads\/2023\/11\/ewos-logo.png","width":450,"height":107,"caption":"EWOS - Scotland"},"image":{"@id":"https:\/\/www.ewos.com\/uk\/#\/schema\/logo\/image\/"}},{"@type":"Person","@id":"https:\/\/www.ewos.com\/uk\/#\/schema\/person\/90aba83008ada4549e4bf424fcca7025","name":"Kjartan Maestad","url":"https:\/\/www.ewos.com\/uk\/author\/kjartan-maestad\/"}]}},"_links":{"self":[{"href":"https:\/\/www.ewos.com\/uk\/wp-json\/wp\/v2\/posts\/2678","targetHints":{"allow":["GET"]}}],"collection":[{"href":"https:\/\/www.ewos.com\/uk\/wp-json\/wp\/v2\/posts"}],"about":[{"href":"https:\/\/www.ewos.com\/uk\/wp-json\/wp\/v2\/types\/post"}],"author":[{"embeddable":true,"href":"https:\/\/www.ewos.com\/uk\/wp-json\/wp\/v2\/users\/7"}],"replies":[{"embeddable":true,"href":"https:\/\/www.ewos.com\/uk\/wp-json\/wp\/v2\/comments?post=2678"}],"version-history":[{"count":8,"href":"https:\/\/www.ewos.com\/uk\/wp-json\/wp\/v2\/posts\/2678\/revisions"}],"predecessor-version":[{"id":2687,"href":"https:\/\/www.ewos.com\/uk\/wp-json\/wp\/v2\/posts\/2678\/revisions\/2687"}],"wp:featuredmedia":[{"embeddable":true,"href":"https:\/\/www.ewos.com\/uk\/wp-json\/wp\/v2\/media\/2680"}],"wp:attachment":[{"href":"https:\/\/www.ewos.com\/uk\/wp-json\/wp\/v2\/media?parent=2678"}],"wp:term":[{"taxonomy":"category","embeddable":true,"href":"https:\/\/www.ewos.com\/uk\/wp-json\/wp\/v2\/categories?post=2678"},{"taxonomy":"post_tag","embeddable":true,"href":"https:\/\/www.ewos.com\/uk\/wp-json\/wp\/v2\/tags?post=2678"}],"curies":[{"name":"wp","href":"https:\/\/api.w.org\/{rel}","templated":true}]}}